{"id":327,"date":"2016-03-08T14:58:27","date_gmt":"2016-03-08T14:58:27","guid":{"rendered":"https:\/\/tagabike.eu\/?p=327"},"modified":"2026-01-07T15:38:31","modified_gmt":"2026-01-07T15:38:31","slug":"buggy-bike-on-rai-2","status":"publish","type":"post","link":"https:\/\/tagacargobikes.com\/en\/buggy-bike-on-rai-2\/","title":{"rendered":"Bicycle buggy on RAI 2"},"content":{"rendered":"<p>It may be a coincidence that today is 8 March, Women's Day, and it is Tuesday when they talk about patents on RAI 2\u2019s I Fatti Vostri programme! But what more opportune occasion than to present the TAGA BIKE, nicknamed the buggy bike by Giancarlo Magalli!<\/p>\n<p>Beloved not only by women, but also by men, and especially by mothers and fathers, TAGA was for the first time a guest on national television. And although it does not lack fame, in fact the company that designed it has been named one of the most amazing companies in Europe and has appeared on the world's channels, as well as being multi-awarded by the world's most famous organisations, for TAGA BIKE ITALIA, the RAI's invitation represents a fine recognition of its first year's work.<\/p>\n<p>It is only right that the TAGA, a true revolution in urban mobility, especially for parents of children from 0 months up to 8-9 years of age, should be explained to Italian families. And although it is impossible in about 2 minutes to recount the genius of TAGA, the mythical pushchair-bike or as RAI called it, BICI-CALESSE was presented to a large Italian audience. In Italy, car use still remains exaggerated, many even use it to travel 500 metres to perhaps go to the gym.<\/p>\n<p>However, the wind is thankfully changing all over Italy, and even in Rome we were delighted to find new cycle paths in the historic centre! The path is long, but the important thing is to get started and we are on the right track. In the meantime, you now know that there is an alternative and it is the TAGA, the mythical bike-passenger, oups, BICI-CALESSE!<\/p>","protected":false},"excerpt":{"rendered":"<p>Sar\u00e0 un caso che oggi \u00e8 l&#8217;8 marzo, la festa della donna ed \u00e8 il marted\u00ec quando nel programma I Fatti Vostri di RAI 2 parlano dei brevetti! Ma quale occasione pi\u00f9 opportuna di presentare la TAGA BIKE, soprannominata la bici calesse da Giancarlo Magalli?! Amatissima non solo dalle donne, ma anche dagli uomini, e [&hellip;]<\/p>\n","protected":false},"author":1,"featured_media":328,"comment_status":"open","ping_status":"closed","sticky":false,"template":"","format":"standard","meta":{"footnotes":""},"categories":[38],"tags":[],"class_list":["post-327","post","type-post","status-publish","format-standard","has-post-thumbnail","hentry","category-news"],"meta_box":[],"_links":{"self":[{"href":"https:\/\/tagacargobikes.com\/en\/wp-json\/wp\/v2\/posts\/327","targetHints":{"allow":["GET"]}}],"collection":[{"href":"https:\/\/tagacargobikes.com\/en\/wp-json\/wp\/v2\/posts"}],"about":[{"href":"https:\/\/tagacargobikes.com\/en\/wp-json\/wp\/v2\/types\/post"}],"author":[{"embeddable":true,"href":"https:\/\/tagacargobikes.com\/en\/wp-json\/wp\/v2\/users\/1"}],"replies":[{"embeddable":true,"href":"https:\/\/tagacargobikes.com\/en\/wp-json\/wp\/v2\/comments?post=327"}],"version-history":[{"count":3,"href":"https:\/\/tagacargobikes.com\/en\/wp-json\/wp\/v2\/posts\/327\/revisions"}],"predecessor-version":[{"id":331,"href":"https:\/\/tagacargobikes.com\/en\/wp-json\/wp\/v2\/posts\/327\/revisions\/331"}],"wp:featuredmedia":[{"embeddable":true,"href":"https:\/\/tagacargobikes.com\/en\/wp-json\/wp\/v2\/media\/328"}],"wp:attachment":[{"href":"https:\/\/tagacargobikes.com\/en\/wp-json\/wp\/v2\/media?parent=327"}],"wp:term":[{"taxonomy":"category","embeddable":true,"href":"https:\/\/tagacargobikes.com\/en\/wp-json\/wp\/v2\/categories?post=327"},{"taxonomy":"post_tag","embeddable":true,"href":"https:\/\/tagacargobikes.com\/en\/wp-json\/wp\/v2\/tags?post=327"}],"curies":[{"name":"wp","href":"https:\/\/api.w.org\/{rel}","templated":true}]}}